{"id":716,"date":"2022-08-24T15:34:10","date_gmt":"2022-08-24T15:34:10","guid":{"rendered":"https:\/\/www.vivesco.co\/?p=716"},"modified":"2022-08-24T15:41:14","modified_gmt":"2022-08-24T15:41:14","slug":"la-magia-del-prado","status":"publish","type":"post","link":"https:\/\/www.vivesco.co\/en\/la-magia-del-prado\/","title":{"rendered":"La Magia del Prado"},"content":{"rendered":"<p>La magia del tradicional barrio El Prado de Barranquilla vive en esta hermosa casona esquinera que data de la esplendorosa d\u00e9cada de los a\u00f1os treinta.<\/p>\n\n\n\n<p>De estilo Art-Deco puro, fue construida por el arquitecto italiano Orence Lenci.<\/p>\n\n\n\n<p>En esta residencia se puede observar la geometr\u00eda b\u00e1sica de las formas, las l\u00edneas curvas y rectas que anticipaban el racionalismo en la arquitectura moderna.<\/p>\n\n\n\n<p>Sus paredes tienen historias que contar, emociones latentes, un pasado que no se puede olvidar ni borrar de tertulias literarias con reconocidos artistas de la \u00e9poca como el inolvidable maestro Alejandro Obreg\u00f3n (entre otros), ofrecidas por una de sus residentes, Meira Delmar, nuestra poetisa Barranquillera, una de las m\u00e1s significativas del siglo XX en Colombia.<\/p>\n\n\n\n<p>\u00bfQui\u00e9n no desear\u00eda poder vivir en un lugar tan especial o qu\u00e9 tal, un hotel boutique? O quiz\u00e1s un restaurante de lujo, un \u201catelier\u201d de moda, galer\u00eda de arte, casa de eventos o simplemente tu lugar de trabajo.<\/p>\n\n\n\n<p>Majestuosa y serena, 536 metros cuadrados de \u00e1rea \u00fatil aproximadamente construidos sobre un hermoso lote de terreno de 1.231 M2.<\/p>\n\n\n\n<p>Si deseas mayor informaci\u00f3n de esta propiedad disponible para arriendo y venta, cont\u00e1ctame al 3157055648<\/p>\n\n\n\n<p>\u201cPropiedad exclusiva, asesoramiento personal\u201d<\/p>","protected":false},"excerpt":{"rendered":"<p>La magia del tradicional barrio El Prado de Barranquilla vive en esta hermosa casona esquinera que data de la esplendorosa d\u00e9cada de los a\u00f1os treinta. De estilo Art-Deco puro, fue construida por el arquitecto italiano Orence Lenci. En esta residencia se puede observar la geometr\u00eda b\u00e1sica de las formas, las l\u00edneas curvas y rectas que [&hellip;]<\/p>\n","protected":false},"author":3,"featured_media":718,"comment_status":"open","ping_status":"closed","sticky":false,"template":"","format":"standard","meta":{"footnotes":""},"categories":[35],"tags":[30,28,32,33,34,31,29],"class_list":["post-716","post","type-post","status-publish","format-standard","has-post-thumbnail","hentry","category-arquitectura","tag-arquitectura","tag-artdeco","tag-barranquilla","tag-barrioelprado","tag-capitadevida","tag-dreamhomes","tag-joyasarquitectonicas"],"_links":{"self":[{"href":"https:\/\/www.vivesco.co\/en\/wp-json\/wp\/v2\/posts\/716","targetHints":{"allow":["GET"]}}],"collection":[{"href":"https:\/\/www.vivesco.co\/en\/wp-json\/wp\/v2\/posts"}],"about":[{"href":"https:\/\/www.vivesco.co\/en\/wp-json\/wp\/v2\/types\/post"}],"author":[{"embeddable":true,"href":"https:\/\/www.vivesco.co\/en\/wp-json\/wp\/v2\/users\/3"}],"replies":[{"embeddable":true,"href":"https:\/\/www.vivesco.co\/en\/wp-json\/wp\/v2\/comments?post=716"}],"version-history":[{"count":1,"href":"https:\/\/www.vivesco.co\/en\/wp-json\/wp\/v2\/posts\/716\/revisions"}],"predecessor-version":[{"id":717,"href":"https:\/\/www.vivesco.co\/en\/wp-json\/wp\/v2\/posts\/716\/revisions\/717"}],"wp:featuredmedia":[{"embeddable":true,"href":"https:\/\/www.vivesco.co\/en\/wp-json\/wp\/v2\/media\/718"}],"wp:attachment":[{"href":"https:\/\/www.vivesco.co\/en\/wp-json\/wp\/v2\/media?parent=716"}],"wp:term":[{"taxonomy":"category","embeddable":true,"href":"https:\/\/www.vivesco.co\/en\/wp-json\/wp\/v2\/categories?post=716"},{"taxonomy":"post_tag","embeddable":true,"href":"https:\/\/www.vivesco.co\/en\/wp-json\/wp\/v2\/tags?post=716"}],"curies":[{"name":"wp","href":"https:\/\/api.w.org\/{rel}","templated":true}]}}